{"id":1945,"date":"2024-10-24T13:56:55","date_gmt":"2024-10-24T11:56:55","guid":{"rendered":"https:\/\/www.ibis-service.de\/?p=1945"},"modified":"2024-10-24T18:15:38","modified_gmt":"2024-10-24T16:15:38","slug":"geotab-mobility-connect-event-2024","status":"publish","type":"post","link":"https:\/\/www.ibis-service.de\/en\/geotab-mobility-connect-event-2024\/","title":{"rendered":"GEOTAB Mobility Connect Event 2024"},"content":{"rendered":"<h2 class=\"wp-block-heading\">Our partner Geotab presents new sustainability solutions for fleets: more efficiency, fewer emissions<\/h2>\n\n\n\n<p>Geotab, a leading provider of connected transportation solutions, has unveiled a new suite of data-driven sustainability solutions at Mobility Connect in Milan. The company supports fleet managers in mastering the challenges of decarbonization and reducing operating costs at the same time.<\/p>\n\n\n\n<p>The transportation sector is a major source of greenhouse gas emissions. Geotab's new solutions offer fleets the opportunity to minimize their environmental impact while strengthening their competitiveness.<\/p>\n\n\n\n<p><strong>\"At Geotab, we are convinced that data is the key to solving complex challenges,\"<\/strong>says Edward Kulperger, Senior Vice President Europe at Geotab. <strong>\"Our new sustainability solutions provide fleet managers with the precise data they need to reduce their emissions, optimize fuel consumption and achieve their sustainability goals.\"<\/strong><\/p>\n\n\n\n<h2 class=\"wp-block-heading\"><strong>What the new Geotab solutions offer:<\/strong><\/h2>\n\n\n\n<ul class=\"wp-block-list\">\n<li><strong>Geotab Sustainability Center:<\/strong> A central platform that provides fleet managers with a comprehensive overview of their fleet's environmental performance and concrete recommendations for action.<\/li>\n\n\n\n<li><strong>T\u00dcV-certified Greenhouse Gas Emissions Report:<\/strong> A reliable report that accurately calculates a fleet's greenhouse gas emissions and facilitates compliance with legal requirements such as the CSRD.<\/li>\n\n\n\n<li><strong>Electric Vehicle Suitability Assessment (EVSA):<\/strong> A tool that supports fleets in planning and implementing the electrification of their vehicles.<\/li>\n\n\n\n<li><strong>EV Charge Monitoring:<\/strong> A solution for monitoring the charging process of electric vehicles that ensures optimal use of the charging infrastructure.<\/li>\n<\/ul>\n\n\n\n<h2 class=\"wp-block-heading\"><strong>Why Geotab is interesting for German companies:<\/strong><\/h2>\n\n\n\n<ul class=\"wp-block-list\">\n<li><strong>Compliance:<\/strong> The new solutions help German companies to comply with the strict German and European environmental regulations.<\/li>\n\n\n\n<li><strong>Cost savings:<\/strong> By optimizing route planning, reducing idling and using electric vehicles efficiently, companies can reduce their operating costs.<\/li>\n\n\n\n<li><strong>Image:<\/strong> Sustainable fleets are an important competitive advantage and contribute to a positive image.<\/li>\n<\/ul>\n\n\n\n<p><strong>With Geotab's new sustainability solutions, German companies can make their fleets more efficient and environmentally friendly.<\/strong><\/p>\n\n\n\n<figure class=\"wp-block-image size-full is-resized\"><img loading=\"lazy\" decoding=\"async\" width=\"1920\" height=\"1076\" src=\"https:\/\/www.ibis-service.de\/wp-content\/uploads\/Elektroflotte.webp\" alt=\"\" class=\"wp-image-1946\" style=\"width:auto;height:500px\" title=\"\" srcset=\"https:\/\/www.ibis-service.de\/wp-content\/uploads\/Elektroflotte.webp 1920w, https:\/\/www.ibis-service.de\/wp-content\/uploads\/Elektroflotte-768x430.webp 768w, https:\/\/www.ibis-service.de\/wp-content\/uploads\/Elektroflotte-1536x861.webp 1536w, https:\/\/www.ibis-service.de\/wp-content\/uploads\/Elektroflotte-18x10.webp 18w\" sizes=\"auto, (max-width: 1920px) 100vw, 1920px\" \/><\/figure>\n\n\n\n<p>IBIS Service GmbH &amp; CO. KG is proud of this partnership and looks forward to further cooperation for our customers.<\/p>\n\n\n\n<p><em>Would you like to find out more about how we can work with Geotab to support your company on the road to sustainability?<\/em><\/p>\n\n\n\n<div class=\"wp-block-buttons is-layout-flex wp-block-buttons-is-layout-flex\">\n<div class=\"wp-block-button is-style-fill\"><a class=\"wp-block-button__link has-white-color has-text-color has-background has-link-color wp-element-button\" href=\"https:\/\/www.ibis-service.de\/en\/geotab-gmbh\/\" style=\"border-radius:0px;background-color:#004b95\">Our partner - Geotab GmbH<\/a><\/div>\n<\/div>\n\n\n\n<p><\/p>\n\n\n\n<h2 class=\"wp-block-heading\">Opening Keynote session<\/h2>\n\n\n\n<h3 class=\"wp-block-heading\"><strong>About the session<\/strong><\/h3>\n\n\n\n<p>Gain insights into emerging trends, technological advancements, and strategic initiatives driving the industry forward.<\/p>\n\n\n<figure id=\"happyfiles-gallery-7zyeb6\" class=\"happyfiles-gallery lightbox\"><ul class=\"crop\" data-col=\"3\"><li class=\"item\" data-src=\"https:\/\/www.ibis-service.de\/wp-content\/uploads\/IBIS-Service-Geotab-Mobility-Connect-2024-008.webp\" data-sub-html=\"Edward Kulperger - Senior Vice President, EMEA, Geotab\"><figure><img loading=\"lazy\" decoding=\"async\" width=\"663\" height=\"442\" src=\"https:\/\/www.ibis-service.de\/wp-content\/uploads\/IBIS-Service-Geotab-Mobility-Connect-2024-008.webp\" class=\"attachment-medium size-medium\" alt=\"Edward Kulperger - Senior Vice President, EMEA, Geotab\" srcset=\"https:\/\/www.ibis-service.de\/wp-content\/uploads\/IBIS-Service-Geotab-Mobility-Connect-2024-008.webp 663w, https:\/\/www.ibis-service.de\/wp-content\/uploads\/IBIS-Service-Geotab-Mobility-Connect-2024-008-18x12.webp 18w\" sizes=\"auto, (max-width: 663px) 100vw, 663px\" title=\"\"><figcaption class=\"figcaption\">Edward Kulperger - Senior Vice President, EMEA, Geotab<\/figcaption><\/figure><\/li><li class=\"item\" data-src=\"https:\/\/www.ibis-service.de\/wp-content\/uploads\/IBIS-Service-Geotab-Mobility-Connect-2024-004.webp\" data-sub-html=\"Neil Cawse - Founder and CEO, Geotab &#038; Sabina Martin - Vice President, Product Management, Geotab\"><figure><img loading=\"lazy\" decoding=\"async\" width=\"663\" height=\"442\" src=\"https:\/\/www.ibis-service.de\/wp-content\/uploads\/IBIS-Service-Geotab-Mobility-Connect-2024-004.webp\" class=\"attachment-medium size-medium\" alt=\"Neil Cawse - Founder and CEO, Geotab &amp; Sabina Martin - Vice President, Product Management, Geotab\" srcset=\"https:\/\/www.ibis-service.de\/wp-content\/uploads\/IBIS-Service-Geotab-Mobility-Connect-2024-004.webp 663w, https:\/\/www.ibis-service.de\/wp-content\/uploads\/IBIS-Service-Geotab-Mobility-Connect-2024-004-18x12.webp 18w\" sizes=\"auto, (max-width: 663px) 100vw, 663px\" title=\"\"><figcaption class=\"figcaption\">Neil Cawse - Founder and CEO, Geotab &amp; Sabina Martin - Vice President, Product Management, Geotab<\/figcaption><\/figure><\/li><li class=\"item\" data-src=\"https:\/\/www.ibis-service.de\/wp-content\/uploads\/IBIS-Service-Geotab-Mobility-Connect-2024-002.webp\" data-sub-html=\"Sabina Martin - Vice President, Product Management, Geotab\"><figure><img loading=\"lazy\" decoding=\"async\" width=\"663\" height=\"442\" src=\"https:\/\/www.ibis-service.de\/wp-content\/uploads\/IBIS-Service-Geotab-Mobility-Connect-2024-002.webp\" class=\"attachment-medium size-medium\" alt=\"Sabina Martin - Vice President, Product Management, Geotab\" srcset=\"https:\/\/www.ibis-service.de\/wp-content\/uploads\/IBIS-Service-Geotab-Mobility-Connect-2024-002.webp 663w, https:\/\/www.ibis-service.de\/wp-content\/uploads\/IBIS-Service-Geotab-Mobility-Connect-2024-002-18x12.webp 18w\" sizes=\"auto, (max-width: 663px) 100vw, 663px\" title=\"\"><figcaption class=\"figcaption\">Sabina Martin - Vice President, Product Management, Geotab<\/figcaption><\/figure><\/li><li class=\"item\" data-src=\"https:\/\/www.ibis-service.de\/wp-content\/uploads\/IBIS-Service-Geotab-Mobility-Connect-2024-001.webp\" data-sub-html=\"Neil Cawse - Founder and CEO, Geotab\"><figure><img loading=\"lazy\" decoding=\"async\" width=\"663\" height=\"442\" src=\"https:\/\/www.ibis-service.de\/wp-content\/uploads\/IBIS-Service-Geotab-Mobility-Connect-2024-001.webp\" class=\"attachment-medium size-medium\" alt=\"Neil Cawse - Founder and CEO, Geotab\" srcset=\"https:\/\/www.ibis-service.de\/wp-content\/uploads\/IBIS-Service-Geotab-Mobility-Connect-2024-001.webp 663w, https:\/\/www.ibis-service.de\/wp-content\/uploads\/IBIS-Service-Geotab-Mobility-Connect-2024-001-18x12.webp 18w\" sizes=\"auto, (max-width: 663px) 100vw, 663px\" title=\"\"><figcaption class=\"figcaption\">Neil Cawse - Founder and CEO, Geotab<\/figcaption><\/figure><\/li><\/ul><\/figure>\n\n\n<h2 class=\"wp-block-heading\">Panel 1: Transforming Delivery: Tackling Europe's Logistics Challenges through Innovation and Sustainability<\/h2>\n\n\n\n<h3 class=\"wp-block-heading\"><strong>About the session<\/strong><\/h3>\n\n\n\n<p>Explore how cutting-edge innovations and sustainable practices are revolutionizing Europe's logistics sector. This panel will delve into the latest trends, technologies, and strategies driving efficiency and reducing environmental impact.<\/p>\n\n\n<figure id=\"happyfiles-gallery-nfp37g\" class=\"happyfiles-gallery lightbox\"><ul class=\"crop\" data-col=\"3\"><li class=\"item\" data-src=\"https:\/\/www.ibis-service.de\/wp-content\/uploads\/IBIS-Service-Geotab-Mobility-Connect-2024-011.webp\" data-sub-html=\"Els Arseen Magda Renders - Program Manager Sustainability, bpost\"><figure><img loading=\"lazy\" decoding=\"async\" width=\"663\" height=\"442\" src=\"https:\/\/www.ibis-service.de\/wp-content\/uploads\/IBIS-Service-Geotab-Mobility-Connect-2024-011.webp\" class=\"attachment-medium size-medium\" alt=\"Els Arseen Magda Renders - Program Manager Sustainability, bpost\" srcset=\"https:\/\/www.ibis-service.de\/wp-content\/uploads\/IBIS-Service-Geotab-Mobility-Connect-2024-011.webp 663w, https:\/\/www.ibis-service.de\/wp-content\/uploads\/IBIS-Service-Geotab-Mobility-Connect-2024-011-18x12.webp 18w\" sizes=\"auto, (max-width: 663px) 100vw, 663px\" title=\"\"><figcaption class=\"figcaption\">Els Arseen Magda Renders - Program Manager Sustainability, bpost<\/figcaption><\/figure><\/li><li class=\"item\" data-src=\"https:\/\/www.ibis-service.de\/wp-content\/uploads\/IBIS-Service-Geotab-Mobility-Connect-2024-012.webp\" data-sub-html=\"Fabian Seithel - AVP EMEA, Geotab\"><figure><img loading=\"lazy\" decoding=\"async\" width=\"663\" height=\"442\" src=\"https:\/\/www.ibis-service.de\/wp-content\/uploads\/IBIS-Service-Geotab-Mobility-Connect-2024-012.webp\" class=\"attachment-medium size-medium\" alt=\"Fabian Seithel - AVP EMEA, Geotab\" srcset=\"https:\/\/www.ibis-service.de\/wp-content\/uploads\/IBIS-Service-Geotab-Mobility-Connect-2024-012.webp 663w, https:\/\/www.ibis-service.de\/wp-content\/uploads\/IBIS-Service-Geotab-Mobility-Connect-2024-012-18x12.webp 18w\" sizes=\"auto, (max-width: 663px) 100vw, 663px\" title=\"\"><figcaption class=\"figcaption\">Fabian Seithel - AVP EMEA, Geotab<\/figcaption><\/figure><\/li><li class=\"item\" data-src=\"https:\/\/www.ibis-service.de\/wp-content\/uploads\/IBIS-Service-Geotab-Mobility-Connect-2024-013.webp\" data-sub-html=\"Els Arseen Magda Renders - Program Manager Sustainability, bpost &#038; Fabian Seithel - AVP EMEA, Geotab\"><figure><img loading=\"lazy\" decoding=\"async\" width=\"663\" height=\"442\" src=\"https:\/\/www.ibis-service.de\/wp-content\/uploads\/IBIS-Service-Geotab-Mobility-Connect-2024-013.webp\" class=\"attachment-medium size-medium\" alt=\"Els Arseen Magda Renders - Program Manager Sustainability, bpost &amp; Fabian Seithel - AVP EMEA, Geotab\" srcset=\"https:\/\/www.ibis-service.de\/wp-content\/uploads\/IBIS-Service-Geotab-Mobility-Connect-2024-013.webp 663w, https:\/\/www.ibis-service.de\/wp-content\/uploads\/IBIS-Service-Geotab-Mobility-Connect-2024-013-18x12.webp 18w\" sizes=\"auto, (max-width: 663px) 100vw, 663px\" title=\"\"><figcaption class=\"figcaption\">Els Arseen Magda Renders - Program Manager Sustainability, bpost &amp; Fabian Seithel - AVP EMEA, Geotab<\/figcaption><\/figure><\/li><\/ul><\/figure>\n\n\n<h2 class=\"wp-block-heading\">Panel 2: Revolutionizing Fleet Safety: Telematics and Beyond<\/h2>\n\n\n\n<h3 class=\"wp-block-heading\"><strong>About the session<\/strong><\/h3>\n\n\n\n<p>Explore the transformative impact of technology on road safety. Discussions will include real-time driver behavior monitoring, proactive safety measures like instant alerts and driver coaching, and the use of high-definition incident recording to reduce false claims. Learn about data-driven decision-making, successful case studies, best practices, and future trends integrating AI and IoT to enhance road safety.<\/p>\n\n\n<figure id=\"happyfiles-gallery-bmivho\" class=\"happyfiles-gallery lightbox\"><ul class=\"crop\" data-col=\"3\"><li class=\"item\" data-src=\"https:\/\/www.ibis-service.de\/wp-content\/uploads\/IBIS-Service-Geotab-Mobility-Connect-2024-014.webp\" data-sub-html=\"Daniel McGuigan - Environment, Health and Safety Director \u2013 Global Operations, PepsiCo &#038; Oliver Temple - Head of Partner Enterprise and Global Accounts, Lytx\"><figure><img loading=\"lazy\" decoding=\"async\" width=\"663\" height=\"442\" src=\"https:\/\/www.ibis-service.de\/wp-content\/uploads\/IBIS-Service-Geotab-Mobility-Connect-2024-014.webp\" class=\"attachment-medium size-medium\" alt=\"Daniel McGuigan - Environment, Health and Safety Director - Global Operations, PepsiCo &amp; Oliver Temple - Head of Partner Enterprise and Global Accounts, Lytx\" srcset=\"https:\/\/www.ibis-service.de\/wp-content\/uploads\/IBIS-Service-Geotab-Mobility-Connect-2024-014.webp 663w, https:\/\/www.ibis-service.de\/wp-content\/uploads\/IBIS-Service-Geotab-Mobility-Connect-2024-014-18x12.webp 18w\" sizes=\"auto, (max-width: 663px) 100vw, 663px\" title=\"\"><figcaption class=\"figcaption\">Daniel McGuigan - Environment, Health and Safety Director - Global Operations, PepsiCo &amp; Oliver Temple - Head of Partner Enterprise and Global Accounts, Lytx<\/figcaption><\/figure><\/li><li class=\"item\" data-src=\"https:\/\/www.ibis-service.de\/wp-content\/uploads\/IBIS-Service-Geotab-Mobility-Connect-2024-015.webp\" data-sub-html=\"Oliver Temple - Head of Partner Enterprise and Global Accounts, Lytx\"><figure><img loading=\"lazy\" decoding=\"async\" width=\"663\" height=\"442\" src=\"https:\/\/www.ibis-service.de\/wp-content\/uploads\/IBIS-Service-Geotab-Mobility-Connect-2024-015.webp\" class=\"attachment-medium size-medium\" alt=\"Oliver Temple - Head of Partner Enterprise and Global Accounts, Lytx\" srcset=\"https:\/\/www.ibis-service.de\/wp-content\/uploads\/IBIS-Service-Geotab-Mobility-Connect-2024-015.webp 663w, https:\/\/www.ibis-service.de\/wp-content\/uploads\/IBIS-Service-Geotab-Mobility-Connect-2024-015-18x12.webp 18w\" sizes=\"auto, (max-width: 663px) 100vw, 663px\" title=\"\"><figcaption class=\"figcaption\">Oliver Temple - Head of Partner Enterprise and Global Accounts, Lytx<\/figcaption><\/figure><\/li><li class=\"item\" data-src=\"https:\/\/www.ibis-service.de\/wp-content\/uploads\/IBIS-Service-Geotab-Mobility-Connect-2024-016.webp\" data-sub-html=\"Valeria Motta - Senior Partnerships Officer | United Nations Road Safety Fund &#038; Ivan Lequerica - VP, EMEA, Geotab\"><figure><img loading=\"lazy\" decoding=\"async\" width=\"663\" height=\"442\" src=\"https:\/\/www.ibis-service.de\/wp-content\/uploads\/IBIS-Service-Geotab-Mobility-Connect-2024-016.webp\" class=\"attachment-medium size-medium\" alt=\"Valeria Motta - Senior Partnerships Officer | United Nations Road Safety Fund &amp; Ivan Lequerica - VP, EMEA, Geotab\" srcset=\"https:\/\/www.ibis-service.de\/wp-content\/uploads\/IBIS-Service-Geotab-Mobility-Connect-2024-016.webp 663w, https:\/\/www.ibis-service.de\/wp-content\/uploads\/IBIS-Service-Geotab-Mobility-Connect-2024-016-18x12.webp 18w\" sizes=\"auto, (max-width: 663px) 100vw, 663px\" title=\"\"><figcaption class=\"figcaption\">Valeria Motta - Senior Partnerships Officer | United Nations Road Safety Fund &amp; Ivan Lequerica - VP, EMEA, Geotab<\/figcaption><\/figure><\/li><li class=\"item\" data-src=\"https:\/\/www.ibis-service.de\/wp-content\/uploads\/IBIS-Service-Geotab-Mobility-Connect-2024-017.webp\" data-sub-html=\"Daniel McGuigan - Environment, Health and Safety Director \u2013 Global Operations, PepsiCo\"><figure><img loading=\"lazy\" decoding=\"async\" width=\"663\" height=\"442\" src=\"https:\/\/www.ibis-service.de\/wp-content\/uploads\/IBIS-Service-Geotab-Mobility-Connect-2024-017.webp\" class=\"attachment-medium size-medium\" alt=\"Daniel McGuigan - Environment, Health and Safety Director - Global Operations, PepsiCo\" srcset=\"https:\/\/www.ibis-service.de\/wp-content\/uploads\/IBIS-Service-Geotab-Mobility-Connect-2024-017.webp 663w, https:\/\/www.ibis-service.de\/wp-content\/uploads\/IBIS-Service-Geotab-Mobility-Connect-2024-017-18x12.webp 18w\" sizes=\"auto, (max-width: 663px) 100vw, 663px\" title=\"\"><figcaption class=\"figcaption\">Daniel McGuigan - Environment, Health and Safety Director - Global Operations, PepsiCo<\/figcaption><\/figure><\/li><li class=\"item\" data-src=\"https:\/\/www.ibis-service.de\/wp-content\/uploads\/IBIS-Service-Geotab-Mobility-Connect-2024-018.webp\" data-sub-html=\"Valeria Motta - Senior Partnerships Officer | United Nations Road Safety Fund\"><figure><img loading=\"lazy\" decoding=\"async\" width=\"663\" height=\"442\" src=\"https:\/\/www.ibis-service.de\/wp-content\/uploads\/IBIS-Service-Geotab-Mobility-Connect-2024-018.webp\" class=\"attachment-medium size-medium\" alt=\"Valeria Motta - Senior Partnerships Officer | United Nations Road Safety Fund\" srcset=\"https:\/\/www.ibis-service.de\/wp-content\/uploads\/IBIS-Service-Geotab-Mobility-Connect-2024-018.webp 663w, https:\/\/www.ibis-service.de\/wp-content\/uploads\/IBIS-Service-Geotab-Mobility-Connect-2024-018-18x12.webp 18w\" sizes=\"auto, (max-width: 663px) 100vw, 663px\" title=\"\"><figcaption class=\"figcaption\">Valeria Motta - Senior Partnerships Officer | United Nations Road Safety Fund<\/figcaption><\/figure><\/li><li class=\"item\" data-src=\"https:\/\/www.ibis-service.de\/wp-content\/uploads\/IBIS-Service-Geotab-Mobility-Connect-2024-002-1.webp\" data-sub-html=\"Valeria Motta - Senior Partnerships Officer | United Nations Road Safety Fund &#038; Ivan Lequerica - VP, EMEA, Geotab &#038; Oliver Temple - Head of Partner Enterprise and Global Accounts, Lytx &#038; Daniel McGuigan - Environment, Health and Safety Director \u2013 Global Operations, PepsiCo\"><figure><img loading=\"lazy\" decoding=\"async\" width=\"663\" height=\"442\" src=\"https:\/\/www.ibis-service.de\/wp-content\/uploads\/IBIS-Service-Geotab-Mobility-Connect-2024-002-1.webp\" class=\"attachment-medium size-medium\" alt=\"Valeria Motta - Senior Partnerships Officer | United Nations Road Safety Fund &amp; Ivan Lequerica - VP, EMEA, Geotab &amp; Oliver Temple - Head of Partner Enterprise and Global Accounts, Lytx &amp; Daniel McGuigan - Environment, Health and Safety Director - Global Operations, PepsiCo\" srcset=\"https:\/\/www.ibis-service.de\/wp-content\/uploads\/IBIS-Service-Geotab-Mobility-Connect-2024-002-1.webp 663w, https:\/\/www.ibis-service.de\/wp-content\/uploads\/IBIS-Service-Geotab-Mobility-Connect-2024-002-1-18x12.webp 18w\" sizes=\"auto, (max-width: 663px) 100vw, 663px\" title=\"\"><figcaption class=\"figcaption\">Valeria Motta - Senior Partnerships Officer | United Nations Road Safety Fund &amp; Ivan Lequerica - VP, EMEA, Geotab &amp; Oliver Temple - Head of Partner Enterprise and Global Accounts, Lytx &amp; Daniel McGuigan - Environment, Health and Safety Director - Global Operations, PepsiCo<\/figcaption><\/figure><\/li><li class=\"item\" data-src=\"https:\/\/www.ibis-service.de\/wp-content\/uploads\/IBIS-Service-Geotab-Mobility-Connect-2024-001-1.webp\" data-sub-html=\"Els Arseen Magda Renders - Program Manager Sustainability, bpost &#038; Fabian Seithel - AVP EMEA, Geotab\"><figure><img loading=\"lazy\" decoding=\"async\" width=\"663\" height=\"442\" src=\"https:\/\/www.ibis-service.de\/wp-content\/uploads\/IBIS-Service-Geotab-Mobility-Connect-2024-001-1.webp\" class=\"attachment-medium size-medium\" alt=\"Els Arseen Magda Renders - Program Manager Sustainability, bpost &amp; Fabian Seithel - AVP EMEA, Geotab\" srcset=\"https:\/\/www.ibis-service.de\/wp-content\/uploads\/IBIS-Service-Geotab-Mobility-Connect-2024-001-1.webp 663w, https:\/\/www.ibis-service.de\/wp-content\/uploads\/IBIS-Service-Geotab-Mobility-Connect-2024-001-1-18x12.webp 18w\" sizes=\"auto, (max-width: 663px) 100vw, 663px\" title=\"\"><figcaption class=\"figcaption\">Els Arseen Magda Renders - Program Manager Sustainability, bpost &amp; Fabian Seithel - AVP EMEA, Geotab<\/figcaption><\/figure><\/li><\/ul><\/figure>\n\n\n<h2 class=\"wp-block-heading\">Panel 3: Fleet Management: Driving Business Change<\/h2>\n\n\n\n<h3 class=\"wp-block-heading\"><strong>About the session<\/strong><\/h3>\n\n\n\n<p>Join a panel of industry leaders from across EMEA as they share best practices and insights gained by leading change in large and complex fleets.<\/p>\n\n\n<figure id=\"happyfiles-gallery-26tz5y\" class=\"happyfiles-gallery lightbox\"><ul class=\"crop\" data-col=\"3\"><li class=\"item\" data-src=\"https:\/\/www.ibis-service.de\/wp-content\/uploads\/IBIS-Service-Geotab-Mobility-Connect-2024-019.webp\" data-sub-html=\"Ivan Lequerica - VP, EMEA, Geotab &#038; Valeria Motta - Senior Partnerships Officer | United Nations Road Safety Fund &#038; Oliver Temple - Head of Partner Enterprise and Global Accounts, Lytx &#038; Daniel McGuigan - Environment, Health and Safety Director \u2013 Global Operations, PepsiCo\"><figure><img loading=\"lazy\" decoding=\"async\" width=\"663\" height=\"442\" src=\"https:\/\/www.ibis-service.de\/wp-content\/uploads\/IBIS-Service-Geotab-Mobility-Connect-2024-019.webp\" class=\"attachment-medium size-medium\" alt=\"Ivan Lequerica - VP, EMEA, Geotab &amp; Valeria Motta - Senior Partnerships Officer | United Nations Road Safety Fund &amp; Oliver Temple - Head of Partner Enterprise and Global Accounts, Lytx &amp; Daniel McGuigan - Environment, Health and Safety Director - Global Operations, PepsiCo\" srcset=\"https:\/\/www.ibis-service.de\/wp-content\/uploads\/IBIS-Service-Geotab-Mobility-Connect-2024-019.webp 663w, https:\/\/www.ibis-service.de\/wp-content\/uploads\/IBIS-Service-Geotab-Mobility-Connect-2024-019-18x12.webp 18w\" sizes=\"auto, (max-width: 663px) 100vw, 663px\" title=\"\"><figcaption class=\"figcaption\">Ivan Lequerica - VP, EMEA, Geotab &amp; Valeria Motta - Senior Partnerships Officer | United Nations Road Safety Fund &amp; Oliver Temple - Head of Partner Enterprise and Global Accounts, Lytx &amp; Daniel McGuigan - Environment, Health and Safety Director - Global Operations, PepsiCo<\/figcaption><\/figure><\/li><li class=\"item\" data-src=\"https:\/\/www.ibis-service.de\/wp-content\/uploads\/IBIS-Service-Geotab-Mobility-Connect-2024-020.webp\" data-sub-html=\"Chris Woodcock - Global Category Leader \u2013 Fleet, Belron International\"><figure><img loading=\"lazy\" decoding=\"async\" width=\"663\" height=\"442\" src=\"https:\/\/www.ibis-service.de\/wp-content\/uploads\/IBIS-Service-Geotab-Mobility-Connect-2024-020.webp\" class=\"attachment-medium size-medium\" alt=\"Chris Woodcock - Global Category Leader - Fleet, Belron International\" srcset=\"https:\/\/www.ibis-service.de\/wp-content\/uploads\/IBIS-Service-Geotab-Mobility-Connect-2024-020.webp 663w, https:\/\/www.ibis-service.de\/wp-content\/uploads\/IBIS-Service-Geotab-Mobility-Connect-2024-020-18x12.webp 18w\" sizes=\"auto, (max-width: 663px) 100vw, 663px\" title=\"\"><figcaption class=\"figcaption\">Chris Woodcock - Global Category Leader - Fleet, Belron International<\/figcaption><\/figure><\/li><li class=\"item\" data-src=\"https:\/\/www.ibis-service.de\/wp-content\/uploads\/IBIS-Service-Geotab-Mobility-Connect-2024-022.webp\" data-sub-html=\"Luca Mancuso - Global Category Manager Fleet, Travel &#038; Hospitality, Schindler\"><figure><img loading=\"lazy\" decoding=\"async\" width=\"663\" height=\"442\" src=\"https:\/\/www.ibis-service.de\/wp-content\/uploads\/IBIS-Service-Geotab-Mobility-Connect-2024-022.webp\" class=\"attachment-medium size-medium\" alt=\"Luca Mancuso - Global Category Manager Fleet, Travel &amp; Hospitality, Schindler\" srcset=\"https:\/\/www.ibis-service.de\/wp-content\/uploads\/IBIS-Service-Geotab-Mobility-Connect-2024-022.webp 663w, https:\/\/www.ibis-service.de\/wp-content\/uploads\/IBIS-Service-Geotab-Mobility-Connect-2024-022-18x12.webp 18w\" sizes=\"auto, (max-width: 663px) 100vw, 663px\" title=\"\"><figcaption class=\"figcaption\">Luca Mancuso - Global Category Manager Fleet, Travel &amp; Hospitality, Schindler<\/figcaption><\/figure><\/li><li class=\"item\" data-src=\"https:\/\/www.ibis-service.de\/wp-content\/uploads\/IBIS-Service-Geotab-Mobility-Connect-2024-021.webp\" data-sub-html=\"Andrea Gioia Montuori - Sr Procurement Category Manager, Xylem\"><figure><img loading=\"lazy\" decoding=\"async\" width=\"663\" height=\"442\" src=\"https:\/\/www.ibis-service.de\/wp-content\/uploads\/IBIS-Service-Geotab-Mobility-Connect-2024-021.webp\" class=\"attachment-medium size-medium\" alt=\"Andrea Gioia Montuori - Sr Procurement Category Manager, Xylem\" srcset=\"https:\/\/www.ibis-service.de\/wp-content\/uploads\/IBIS-Service-Geotab-Mobility-Connect-2024-021.webp 663w, https:\/\/www.ibis-service.de\/wp-content\/uploads\/IBIS-Service-Geotab-Mobility-Connect-2024-021-18x12.webp 18w\" sizes=\"auto, (max-width: 663px) 100vw, 663px\" title=\"\"><figcaption class=\"figcaption\">Andrea Gioia Montuori - Sr Procurement Category Manager, Xylem<\/figcaption><\/figure><\/li><li class=\"item\" data-src=\"https:\/\/www.ibis-service.de\/wp-content\/uploads\/X6A0558.webp\" data-sub-html=\"Aaron Jarvis - AVP, Geotab &#038; Luca Mancuso - Global Category Manager Fleet, Travel &#038; Hospitality, Schindler &#038; Andrea Gioia Montuori - Sr Procurement Category Manager, Xylem &#038; Chris Woodcock - Global Category Leader \u2013 Fleet, Belron International\"><figure><img loading=\"lazy\" decoding=\"async\" width=\"663\" height=\"442\" src=\"https:\/\/www.ibis-service.de\/wp-content\/uploads\/X6A0558.webp\" class=\"attachment-medium size-medium\" alt=\"Aaron Jarvis - AVP, Geotab &amp; Luca Mancuso - Global Category Manager Fleet, Travel &amp; Hospitality, Schindler &amp; Andrea Gioia Montuori - Sr Procurement Category Manager, Xylem &amp; Chris Woodcock - Global Category Leader - Fleet, Belron International\" srcset=\"https:\/\/www.ibis-service.de\/wp-content\/uploads\/X6A0558.webp 663w, https:\/\/www.ibis-service.de\/wp-content\/uploads\/X6A0558-18x12.webp 18w\" sizes=\"auto, (max-width: 663px) 100vw, 663px\" title=\"\"><figcaption class=\"figcaption\">Aaron Jarvis - AVP, Geotab &amp; Luca Mancuso - Global Category Manager Fleet, Travel &amp; Hospitality, Schindler &amp; Andrea Gioia Montuori - Sr Procurement Category Manager, Xylem &amp; Chris Woodcock - Global Category Leader - Fleet, Belron International<\/figcaption><\/figure><\/li><\/ul><\/figure>\n\n\n<h2 class=\"wp-block-heading\">Panel 4: Fireside Chat: Fleet Leasing and Telematics - United for Customer Success<\/h2>\n\n\n\n<h3 class=\"wp-block-heading\"><strong>About the session<\/strong><\/h3>\n\n\n\n<p>Gain insights into how a Leasing Company strategically leverages Geotab's telematics solutions to enhance fleet efficiency, improve data integration, and drive business growth. Discover the strategic decisions behind adopting telematics and the tangible benefits realized in operations.<\/p>\n\n\n<figure id=\"happyfiles-gallery-857p4q\" class=\"happyfiles-gallery lightbox\"><ul class=\"crop\" data-col=\"3\"><li class=\"item\" data-src=\"https:\/\/www.ibis-service.de\/wp-content\/uploads\/IBIS-Service-Geotab-Mobility-Connect-2024-024.webp\" data-sub-html=\"Christoph Ludewig - Vice President Europe, OEM\/LRM, Geotab &#038; Markus Deusing - CEO, ALPHABET International\"><figure><img loading=\"lazy\" decoding=\"async\" width=\"663\" height=\"442\" src=\"https:\/\/www.ibis-service.de\/wp-content\/uploads\/IBIS-Service-Geotab-Mobility-Connect-2024-024.webp\" class=\"attachment-medium size-medium\" alt=\"Christoph Ludewig - Vice President Europe, OEM\/LRM, Geotab &amp; Markus Deusing - CEO, ALPHABET International\" srcset=\"https:\/\/www.ibis-service.de\/wp-content\/uploads\/IBIS-Service-Geotab-Mobility-Connect-2024-024.webp 663w, https:\/\/www.ibis-service.de\/wp-content\/uploads\/IBIS-Service-Geotab-Mobility-Connect-2024-024-18x12.webp 18w\" sizes=\"auto, (max-width: 663px) 100vw, 663px\" title=\"\"><figcaption class=\"figcaption\">Christoph Ludewig - Vice President Europe, OEM\/LRM, Geotab &amp; Markus Deusing - CEO, ALPHABET International<\/figcaption><\/figure><\/li><li class=\"item\" data-src=\"https:\/\/www.ibis-service.de\/wp-content\/uploads\/IBIS-Service-Geotab-Mobility-Connect-2024-026.webp\" data-sub-html=\"Christoph Ludewig - Vice President Europe, OEM\/LRM, Geotab\"><figure><img loading=\"lazy\" decoding=\"async\" width=\"663\" height=\"442\" src=\"https:\/\/www.ibis-service.de\/wp-content\/uploads\/IBIS-Service-Geotab-Mobility-Connect-2024-026.webp\" class=\"attachment-medium size-medium\" alt=\"Christoph Ludewig - Vice President Europe, OEM\/LRM, Geotab\" srcset=\"https:\/\/www.ibis-service.de\/wp-content\/uploads\/IBIS-Service-Geotab-Mobility-Connect-2024-026.webp 663w, https:\/\/www.ibis-service.de\/wp-content\/uploads\/IBIS-Service-Geotab-Mobility-Connect-2024-026-18x12.webp 18w\" sizes=\"auto, (max-width: 663px) 100vw, 663px\" title=\"\"><figcaption class=\"figcaption\">Christoph Ludewig - Vice President Europe, OEM\/LRM, Geotab<\/figcaption><\/figure><\/li><\/ul><\/figure>\n\n\n<h2 class=\"wp-block-heading\">Panel 5: Panel Discussion: Fleets, OEMs and Geotab - Demonstrating a Triple Win<\/h2>\n\n\n\n<h3 class=\"wp-block-heading\"><strong>About the session<\/strong><\/h3>\n\n\n\n<p>Join an insightful panel discussion with representatives from leading European OEMs as they explore collaborative efforts with Geotab. Discover how these partnerships enhance fleet management, drive innovation, and deliver significant benefits to fleet customers.<\/p>\n\n\n<figure id=\"happyfiles-gallery-q3gxio\" class=\"happyfiles-gallery lightbox\"><ul class=\"crop\" data-col=\"3\"><li class=\"item\" data-src=\"https:\/\/www.ibis-service.de\/wp-content\/uploads\/IBIS-Service-Geotab-Mobility-Connect-2024-027.webp\" data-sub-html=\"Leon Aink - Business Development Manager, EMEA, Geotab\"><figure><img loading=\"lazy\" decoding=\"async\" width=\"663\" height=\"442\" src=\"https:\/\/www.ibis-service.de\/wp-content\/uploads\/IBIS-Service-Geotab-Mobility-Connect-2024-027.webp\" class=\"attachment-medium size-medium\" alt=\"Leon Aink - Business Development Manager, EMEA, Geotab\" srcset=\"https:\/\/www.ibis-service.de\/wp-content\/uploads\/IBIS-Service-Geotab-Mobility-Connect-2024-027.webp 663w, https:\/\/www.ibis-service.de\/wp-content\/uploads\/IBIS-Service-Geotab-Mobility-Connect-2024-027-18x12.webp 18w\" sizes=\"auto, (max-width: 663px) 100vw, 663px\" title=\"\"><figcaption class=\"figcaption\">Leon Aink - Business Development Manager, EMEA, Geotab<\/figcaption><\/figure><\/li><li class=\"item\" data-src=\"https:\/\/www.ibis-service.de\/wp-content\/uploads\/IBIS-Service-Geotab-Mobility-Connect-2024-028.webp\" data-sub-html=\"Patricia Stich - Vorst\u00e4ndin, Volkswagen Group Info Services AG\"><figure><img loading=\"lazy\" decoding=\"async\" width=\"663\" height=\"442\" src=\"https:\/\/www.ibis-service.de\/wp-content\/uploads\/IBIS-Service-Geotab-Mobility-Connect-2024-028.webp\" class=\"attachment-medium size-medium\" alt=\"Patricia Stich - Member of the Board, Volkswagen Group Info Services AG\" srcset=\"https:\/\/www.ibis-service.de\/wp-content\/uploads\/IBIS-Service-Geotab-Mobility-Connect-2024-028.webp 663w, https:\/\/www.ibis-service.de\/wp-content\/uploads\/IBIS-Service-Geotab-Mobility-Connect-2024-028-18x12.webp 18w\" sizes=\"auto, (max-width: 663px) 100vw, 663px\" title=\"\"><figcaption class=\"figcaption\">Patricia Stich - Member of the Board, Volkswagen Group Info Services AG<\/figcaption><\/figure><\/li><li class=\"item\" data-src=\"https:\/\/www.ibis-service.de\/wp-content\/uploads\/IBIS-Service-Geotab-Mobility-Connect-2024-029.webp\" data-sub-html=\"Patricia Stich - Vorst\u00e4ndin, Volkswagen Group Info Services AG &#038; Olivier Pascal - General Manager Connected Cars | Kia Connect GmbH &#038; Jonas R\u00f6nnkvist - Head of Data Business, Volvo Car Corporation\"><figure><img loading=\"lazy\" decoding=\"async\" width=\"663\" height=\"442\" src=\"https:\/\/www.ibis-service.de\/wp-content\/uploads\/IBIS-Service-Geotab-Mobility-Connect-2024-029.webp\" class=\"attachment-medium size-medium\" alt=\"Patricia Stich - Member of the Board, Volkswagen Group Info Services AG &amp; Olivier Pascal - General Manager Connected Cars | Kia Connect GmbH &amp; Jonas R\u00f6nnkvist - Head of Data Business, Volvo Car Corporation\" srcset=\"https:\/\/www.ibis-service.de\/wp-content\/uploads\/IBIS-Service-Geotab-Mobility-Connect-2024-029.webp 663w, https:\/\/www.ibis-service.de\/wp-content\/uploads\/IBIS-Service-Geotab-Mobility-Connect-2024-029-18x12.webp 18w\" sizes=\"auto, (max-width: 663px) 100vw, 663px\" title=\"\"><figcaption class=\"figcaption\">Patricia Stich - Member of the Board, Volkswagen Group Info Services AG &amp; Olivier Pascal - General Manager Connected Cars | Kia Connect GmbH &amp; Jonas R\u00f6nnkvist - Head of Data Business, Volvo Car Corporation<\/figcaption><\/figure><\/li><li class=\"item\" data-src=\"https:\/\/www.ibis-service.de\/wp-content\/uploads\/IBIS-Service-Geotab-Mobility-Connect-2024-030.webp\" data-sub-html=\"Olivier Pascal - General Manager Connected Cars | Kia Connect GmbH\"><figure><img loading=\"lazy\" decoding=\"async\" width=\"663\" height=\"442\" src=\"https:\/\/www.ibis-service.de\/wp-content\/uploads\/IBIS-Service-Geotab-Mobility-Connect-2024-030.webp\" class=\"attachment-medium size-medium\" alt=\"Olivier Pascal - General Manager Connected Cars | Kia Connect GmbH\" srcset=\"https:\/\/www.ibis-service.de\/wp-content\/uploads\/IBIS-Service-Geotab-Mobility-Connect-2024-030.webp 663w, https:\/\/www.ibis-service.de\/wp-content\/uploads\/IBIS-Service-Geotab-Mobility-Connect-2024-030-18x12.webp 18w\" sizes=\"auto, (max-width: 663px) 100vw, 663px\" title=\"\"><figcaption class=\"figcaption\">Olivier Pascal - General Manager Connected Cars | Kia Connect GmbH<\/figcaption><\/figure><\/li><li class=\"item\" data-src=\"https:\/\/www.ibis-service.de\/wp-content\/uploads\/IBIS-Service-Geotab-Mobility-Connect-2024-031.webp\" data-sub-html=\"Jonas R\u00f6nnkvist - Head of Data Business, Volvo Car Corporation\"><figure><img loading=\"lazy\" decoding=\"async\" width=\"663\" height=\"442\" src=\"https:\/\/www.ibis-service.de\/wp-content\/uploads\/IBIS-Service-Geotab-Mobility-Connect-2024-031.webp\" class=\"attachment-medium size-medium\" alt=\"Jonas R\u00f6nnkvist - Head of Data Business, Volvo Car Corporation\" srcset=\"https:\/\/www.ibis-service.de\/wp-content\/uploads\/IBIS-Service-Geotab-Mobility-Connect-2024-031.webp 663w, https:\/\/www.ibis-service.de\/wp-content\/uploads\/IBIS-Service-Geotab-Mobility-Connect-2024-031-18x12.webp 18w\" sizes=\"auto, (max-width: 663px) 100vw, 663px\" title=\"\"><figcaption class=\"figcaption\">Jonas R\u00f6nnkvist - Head of Data Business, Volvo Car Corporation<\/figcaption><\/figure><\/li><li class=\"item\" data-src=\"https:\/\/www.ibis-service.de\/wp-content\/uploads\/IBIS-Service-Geotab-Mobility-Connect-2024-032.webp\" data-sub-html=\"Patricia Stich - Vorst\u00e4ndin, Volkswagen Group Info Services AG &#038; Olivier Pascal - General Manager Connected Cars | Kia Connect GmbH\"><figure><img loading=\"lazy\" decoding=\"async\" width=\"663\" height=\"442\" src=\"https:\/\/www.ibis-service.de\/wp-content\/uploads\/IBIS-Service-Geotab-Mobility-Connect-2024-032.webp\" class=\"attachment-medium size-medium\" alt=\"Patricia Stich - Member of the Board, Volkswagen Group Info Services AG &amp; Olivier Pascal - General Manager Connected Cars | Kia Connect GmbH\" srcset=\"https:\/\/www.ibis-service.de\/wp-content\/uploads\/IBIS-Service-Geotab-Mobility-Connect-2024-032.webp 663w, https:\/\/www.ibis-service.de\/wp-content\/uploads\/IBIS-Service-Geotab-Mobility-Connect-2024-032-18x12.webp 18w\" sizes=\"auto, (max-width: 663px) 100vw, 663px\" title=\"\"><figcaption class=\"figcaption\">Patricia Stich - Member of the Board, Volkswagen Group Info Services AG &amp; Olivier Pascal - General Manager Connected Cars | Kia Connect GmbH<\/figcaption><\/figure><\/li><li class=\"item\" data-src=\"https:\/\/www.ibis-service.de\/wp-content\/uploads\/IBIS-Service-Geotab-Mobility-Connect-2024-034.webp\" data-sub-html=\"Jonas Sodergran - Nordic Lead, Sustainability, Data &#038; Analytics\"><figure><img loading=\"lazy\" decoding=\"async\" width=\"663\" height=\"442\" src=\"https:\/\/www.ibis-service.de\/wp-content\/uploads\/IBIS-Service-Geotab-Mobility-Connect-2024-034.webp\" class=\"attachment-medium size-medium\" alt=\"Jonas Sodergran - Nordic Lead, Sustainability, Data &amp; Analytics\" srcset=\"https:\/\/www.ibis-service.de\/wp-content\/uploads\/IBIS-Service-Geotab-Mobility-Connect-2024-034.webp 663w, https:\/\/www.ibis-service.de\/wp-content\/uploads\/IBIS-Service-Geotab-Mobility-Connect-2024-034-18x12.webp 18w\" sizes=\"auto, (max-width: 663px) 100vw, 663px\" title=\"\"><figcaption class=\"figcaption\">Jonas Sodergran - Nordic Lead, Sustainability, Data &amp; Analytics<\/figcaption><\/figure><\/li><li class=\"item\" data-src=\"https:\/\/www.ibis-service.de\/wp-content\/uploads\/X6A1077.webp\" data-sub-html=\"Leon Aink - Business Development Manager, EMEA, Geotab &#038; Patricia Stich - Vorst\u00e4ndin, Volkswagen Group Info Services AG &#038; Olivier Pascal - General Manager Connected Cars | Kia Connect GmbH &#038; Jonas R\u00f6nnkvist - Head of Data Business, Volvo Car Corporation\"><figure><img loading=\"lazy\" decoding=\"async\" width=\"663\" height=\"442\" src=\"https:\/\/www.ibis-service.de\/wp-content\/uploads\/X6A1077.webp\" class=\"attachment-medium size-medium\" alt=\"Leon Aink - Business Development Manager, EMEA, Geotab &amp; Patricia Stich - Board Member, Volkswagen Group Info Services AG &amp; Olivier Pascal - General Manager Connected Cars | Kia Connect GmbH &amp; Jonas R\u00f6nnkvist - Head of Data Business, Volvo Car Corporation\" srcset=\"https:\/\/www.ibis-service.de\/wp-content\/uploads\/X6A1077.webp 663w, https:\/\/www.ibis-service.de\/wp-content\/uploads\/X6A1077-18x12.webp 18w\" sizes=\"auto, (max-width: 663px) 100vw, 663px\" title=\"\"><figcaption class=\"figcaption\">Leon Aink - Business Development Manager, EMEA, Geotab &amp; Patricia Stich - Board Member, Volkswagen Group Info Services AG &amp; Olivier Pascal - General Manager Connected Cars | Kia Connect GmbH &amp; Jonas R\u00f6nnkvist - Head of Data Business, Volvo Car Corporation<\/figcaption><\/figure><\/li><li class=\"item\" data-src=\"https:\/\/www.ibis-service.de\/wp-content\/uploads\/X6A1084.webp\" data-sub-html=\"Leon Aink - Business Development Manager, EMEA, Geotab &#038; Patricia Stich - Vorst\u00e4ndin, Volkswagen Group Info Services AG &#038; Olivier Pascal - General Manager Connected Cars | Kia Connect GmbH &#038; Jonas R\u00f6nnkvist - Head of Data Business, Volvo Car Corporation\"><figure><img loading=\"lazy\" decoding=\"async\" width=\"663\" height=\"442\" src=\"https:\/\/www.ibis-service.de\/wp-content\/uploads\/X6A1084.webp\" class=\"attachment-medium size-medium\" alt=\"Leon Aink - Business Development Manager, EMEA, Geotab &amp; Patricia Stich - Board Member, Volkswagen Group Info Services AG &amp; Olivier Pascal - General Manager Connected Cars | Kia Connect GmbH &amp; Jonas R\u00f6nnkvist - Head of Data Business, Volvo Car Corporation\" srcset=\"https:\/\/www.ibis-service.de\/wp-content\/uploads\/X6A1084.webp 663w, https:\/\/www.ibis-service.de\/wp-content\/uploads\/X6A1084-18x12.webp 18w\" sizes=\"auto, (max-width: 663px) 100vw, 663px\" title=\"\"><figcaption class=\"figcaption\">Leon Aink - Business Development Manager, EMEA, Geotab &amp; Patricia Stich - Board Member, Volkswagen Group Info Services AG &amp; Olivier Pascal - General Manager Connected Cars | Kia Connect GmbH &amp; Jonas R\u00f6nnkvist - Head of Data Business, Volvo Car Corporation<\/figcaption><\/figure><\/li><\/ul><\/figure>\n\n\n<h2 class=\"wp-block-heading\">Panel 6: Innovate with AI: Imagine, Implement, Impact<\/h2>\n\n\n<figure id=\"happyfiles-gallery-zt8nk9\" class=\"happyfiles-gallery lightbox\"><ul class=\"crop\" data-col=\"3\"><li class=\"item\" data-src=\"https:\/\/www.ibis-service.de\/wp-content\/uploads\/IBIS-Service-Geotab-Mobility-Connect-2024-035.webp\" data-sub-html=\"Abhinav Vasu - AVP Solutions Engineering, EMEA, Geotab\"><figure><img loading=\"lazy\" decoding=\"async\" width=\"663\" height=\"442\" src=\"https:\/\/www.ibis-service.de\/wp-content\/uploads\/IBIS-Service-Geotab-Mobility-Connect-2024-035.webp\" class=\"attachment-medium size-medium\" alt=\"Abhinav Vasu - AVP Solutions Engineering, EMEA, Geotab\" srcset=\"https:\/\/www.ibis-service.de\/wp-content\/uploads\/IBIS-Service-Geotab-Mobility-Connect-2024-035.webp 663w, https:\/\/www.ibis-service.de\/wp-content\/uploads\/IBIS-Service-Geotab-Mobility-Connect-2024-035-18x12.webp 18w\" sizes=\"auto, (max-width: 663px) 100vw, 663px\" title=\"\"><figcaption class=\"figcaption\">Abhinav Vasu - AVP Solutions Engineering, EMEA, Geotab<\/figcaption><\/figure><\/li><li class=\"item\" data-src=\"https:\/\/www.ibis-service.de\/wp-content\/uploads\/X6A1134.webp\" data-sub-html=\"Abhinav Vasu - AVP Solutions Engineering, EMEA, Geotab &#038; Jonas S\u00f8dergran - Sustainability Data &#038; AI Lead, Nordics, Google Cloud\"><figure><img loading=\"lazy\" decoding=\"async\" width=\"663\" height=\"442\" src=\"https:\/\/www.ibis-service.de\/wp-content\/uploads\/X6A1134.webp\" class=\"attachment-medium size-medium\" alt=\"Abhinav Vasu - AVP Solutions Engineering, EMEA, Geotab &amp; Jonas S\u00f8dergran - Sustainability Data &amp; AI Lead, Nordics, Google Cloud\" srcset=\"https:\/\/www.ibis-service.de\/wp-content\/uploads\/X6A1134.webp 663w, https:\/\/www.ibis-service.de\/wp-content\/uploads\/X6A1134-18x12.webp 18w\" sizes=\"auto, (max-width: 663px) 100vw, 663px\" title=\"\"><figcaption class=\"figcaption\">Abhinav Vasu - AVP Solutions Engineering, EMEA, Geotab &amp; Jonas S\u00f8dergran - Sustainability Data &amp; AI Lead, Nordics, Google Cloud<\/figcaption><\/figure><\/li><li class=\"item\" data-src=\"https:\/\/www.ibis-service.de\/wp-content\/uploads\/X6A1130.webp\" data-sub-html=\"Abhinav Vasu - AVP Solutions Engineering, EMEA, Geotab &#038; Jonas S\u00f8dergran - Sustainability Data &#038; AI Lead, Nordics, Google Cloud\"><figure><img loading=\"lazy\" decoding=\"async\" width=\"663\" height=\"442\" src=\"https:\/\/www.ibis-service.de\/wp-content\/uploads\/X6A1130.webp\" class=\"attachment-medium size-medium\" alt=\"Abhinav Vasu - AVP Solutions Engineering, EMEA, Geotab &amp; Jonas S\u00f8dergran - Sustainability Data &amp; AI Lead, Nordics, Google Cloud\" srcset=\"https:\/\/www.ibis-service.de\/wp-content\/uploads\/X6A1130.webp 663w, https:\/\/www.ibis-service.de\/wp-content\/uploads\/X6A1130-18x12.webp 18w\" sizes=\"auto, (max-width: 663px) 100vw, 663px\" title=\"\"><figcaption class=\"figcaption\">Abhinav Vasu - AVP Solutions Engineering, EMEA, Geotab &amp; Jonas S\u00f8dergran - Sustainability Data &amp; AI Lead, Nordics, Google Cloud<\/figcaption><\/figure><\/li><\/ul><\/figure>\n\n\n<h2 class=\"wp-block-heading\">Closing Keynote<\/h2>\n\n\n\n<h3 class=\"wp-block-heading\"><strong>About the session<\/strong><\/h3>\n\n\n\n<p>Discover how innovative data solutions are transforming fleet management towards a more sustainable future<\/p>\n\n\n<figure id=\"happyfiles-gallery-721mif\" class=\"happyfiles-gallery lightbox\"><ul class=\"crop\" data-col=\"3\"><li class=\"item\" data-src=\"https:\/\/www.ibis-service.de\/wp-content\/uploads\/IBIS-Service-Geotab-Mobility-Connect-2024-039.webp\" data-sub-html=\"\"><figure><img loading=\"lazy\" decoding=\"async\" width=\"663\" height=\"442\" src=\"https:\/\/www.ibis-service.de\/wp-content\/uploads\/IBIS-Service-Geotab-Mobility-Connect-2024-039.webp\" class=\"attachment-medium size-medium\" alt=\"Samuel Pariente - Global Head of IoT Sales Consuting, Telefonica\" srcset=\"https:\/\/www.ibis-service.de\/wp-content\/uploads\/IBIS-Service-Geotab-Mobility-Connect-2024-039.webp 663w, https:\/\/www.ibis-service.de\/wp-content\/uploads\/IBIS-Service-Geotab-Mobility-Connect-2024-039-18x12.webp 18w\" sizes=\"auto, (max-width: 663px) 100vw, 663px\" title=\"\"><\/figure><\/li><li class=\"item\" data-src=\"https:\/\/www.ibis-service.de\/wp-content\/uploads\/IBIS-Service-Geotab-Mobility-Connect-2024-068.webp\" data-sub-html=\"\"><figure><img loading=\"lazy\" decoding=\"async\" width=\"663\" height=\"442\" src=\"https:\/\/www.ibis-service.de\/wp-content\/uploads\/IBIS-Service-Geotab-Mobility-Connect-2024-068.webp\" class=\"attachment-medium size-medium\" alt=\"\" srcset=\"https:\/\/www.ibis-service.de\/wp-content\/uploads\/IBIS-Service-Geotab-Mobility-Connect-2024-068.webp 663w, https:\/\/www.ibis-service.de\/wp-content\/uploads\/IBIS-Service-Geotab-Mobility-Connect-2024-068-18x12.webp 18w\" sizes=\"auto, (max-width: 663px) 100vw, 663px\" title=\"\"><\/figure><\/li><\/ul><\/figure>\n\n\n<h2 class=\"wp-block-heading\">Bus tour and people<\/h2>\n\n\n\n<h3 class=\"wp-block-heading\"><strong>About the session<\/strong><\/h3>\n\n\n\n<p>Embark on a captivating journey through Milan's vibrant streets on an open-top bus tour.\u00a0<strong>Immerse yourself in the city's rich history and culture while taking in some of its most iconic sights.<\/strong>\u00a0Capture stunning photos and create lasting memories as you experience Milan's unique blend of heritage and modern energy.\u00a0<strong>The tour will conclude near Villa Necchi<\/strong>, setting the stage for an evening of networking and celebration in the heart of the city.<\/p>\n\n\n<figure id=\"happyfiles-gallery-qr2mzd\" class=\"happyfiles-gallery lightbox\"><ul class=\"crop\" data-col=\"3\"><li class=\"item\" data-src=\"https:\/\/www.ibis-service.de\/wp-content\/uploads\/IBIS-Service-Geotab-Mobility-Connect-2024-Menschen-006.webp\" data-sub-html=\"\"><figure><img loading=\"lazy\" decoding=\"async\" width=\"663\" height=\"442\" src=\"https:\/\/www.ibis-service.de\/wp-content\/uploads\/IBIS-Service-Geotab-Mobility-Connect-2024-Menschen-006.webp\" class=\"attachment-medium size-medium\" alt=\"\" srcset=\"https:\/\/www.ibis-service.de\/wp-content\/uploads\/IBIS-Service-Geotab-Mobility-Connect-2024-Menschen-006.webp 663w, https:\/\/www.ibis-service.de\/wp-content\/uploads\/IBIS-Service-Geotab-Mobility-Connect-2024-Menschen-006-18x12.webp 18w\" sizes=\"auto, (max-width: 663px) 100vw, 663px\" title=\"\"><\/figure><\/li><li class=\"item\" data-src=\"https:\/\/www.ibis-service.de\/wp-content\/uploads\/IBIS-Service-Geotab-Mobility-Connect-2024-Menschen-007.webp\" data-sub-html=\"\"><figure><img loading=\"lazy\" decoding=\"async\" width=\"663\" height=\"442\" src=\"https:\/\/www.ibis-service.de\/wp-content\/uploads\/IBIS-Service-Geotab-Mobility-Connect-2024-Menschen-007.webp\" class=\"attachment-medium size-medium\" alt=\"\" srcset=\"https:\/\/www.ibis-service.de\/wp-content\/uploads\/IBIS-Service-Geotab-Mobility-Connect-2024-Menschen-007.webp 663w, https:\/\/www.ibis-service.de\/wp-content\/uploads\/IBIS-Service-Geotab-Mobility-Connect-2024-Menschen-007-18x12.webp 18w\" sizes=\"auto, (max-width: 663px) 100vw, 663px\" title=\"\"><\/figure><\/li><li class=\"item\" data-src=\"https:\/\/www.ibis-service.de\/wp-content\/uploads\/IBIS-Service-Geotab-Mobility-Connect-2024-Menschen-008.webp\" data-sub-html=\"\"><figure><img loading=\"lazy\" decoding=\"async\" width=\"663\" height=\"442\" src=\"https:\/\/www.ibis-service.de\/wp-content\/uploads\/IBIS-Service-Geotab-Mobility-Connect-2024-Menschen-008.webp\" class=\"attachment-medium size-medium\" alt=\"\" srcset=\"https:\/\/www.ibis-service.de\/wp-content\/uploads\/IBIS-Service-Geotab-Mobility-Connect-2024-Menschen-008.webp 663w, https:\/\/www.ibis-service.de\/wp-content\/uploads\/IBIS-Service-Geotab-Mobility-Connect-2024-Menschen-008-18x12.webp 18w\" sizes=\"auto, (max-width: 663px) 100vw, 663px\" title=\"\"><\/figure><\/li><li class=\"item\" data-src=\"https:\/\/www.ibis-service.de\/wp-content\/uploads\/IBIS-Service-Geotab-Mobility-Connect-2024-Menschen-009.webp\" data-sub-html=\"\"><figure><img loading=\"lazy\" decoding=\"async\" width=\"663\" height=\"442\" src=\"https:\/\/www.ibis-service.de\/wp-content\/uploads\/IBIS-Service-Geotab-Mobility-Connect-2024-Menschen-009.webp\" class=\"attachment-medium size-medium\" alt=\"\" srcset=\"https:\/\/www.ibis-service.de\/wp-content\/uploads\/IBIS-Service-Geotab-Mobility-Connect-2024-Menschen-009.webp 663w, https:\/\/www.ibis-service.de\/wp-content\/uploads\/IBIS-Service-Geotab-Mobility-Connect-2024-Menschen-009-18x12.webp 18w\" sizes=\"auto, (max-width: 663px) 100vw, 663px\" title=\"\"><\/figure><\/li><li class=\"item\" data-src=\"https:\/\/www.ibis-service.de\/wp-content\/uploads\/IBIS-Service-Geotab-Mobility-Connect-2024-Menschen-001.webp\" data-sub-html=\"\"><figure><img loading=\"lazy\" decoding=\"async\" width=\"663\" height=\"442\" src=\"https:\/\/www.ibis-service.de\/wp-content\/uploads\/IBIS-Service-Geotab-Mobility-Connect-2024-Menschen-001.webp\" class=\"attachment-medium size-medium\" alt=\"\" srcset=\"https:\/\/www.ibis-service.de\/wp-content\/uploads\/IBIS-Service-Geotab-Mobility-Connect-2024-Menschen-001.webp 663w, https:\/\/www.ibis-service.de\/wp-content\/uploads\/IBIS-Service-Geotab-Mobility-Connect-2024-Menschen-001-18x12.webp 18w\" sizes=\"auto, (max-width: 663px) 100vw, 663px\" title=\"\"><\/figure><\/li><li class=\"item\" data-src=\"https:\/\/www.ibis-service.de\/wp-content\/uploads\/IBIS-Service-Geotab-Mobility-Connect-2024-Menschen-002.webp\" data-sub-html=\"\"><figure><img loading=\"lazy\" decoding=\"async\" width=\"663\" height=\"442\" src=\"https:\/\/www.ibis-service.de\/wp-content\/uploads\/IBIS-Service-Geotab-Mobility-Connect-2024-Menschen-002.webp\" class=\"attachment-medium size-medium\" alt=\"\" srcset=\"https:\/\/www.ibis-service.de\/wp-content\/uploads\/IBIS-Service-Geotab-Mobility-Connect-2024-Menschen-002.webp 663w, https:\/\/www.ibis-service.de\/wp-content\/uploads\/IBIS-Service-Geotab-Mobility-Connect-2024-Menschen-002-18x12.webp 18w\" sizes=\"auto, (max-width: 663px) 100vw, 663px\" title=\"\"><\/figure><\/li><li class=\"item\" data-src=\"https:\/\/www.ibis-service.de\/wp-content\/uploads\/IBIS-Service-Geotab-Mobility-Connect-2024-Menschen-003.webp\" data-sub-html=\"\"><figure><img loading=\"lazy\" decoding=\"async\" width=\"663\" height=\"442\" src=\"https:\/\/www.ibis-service.de\/wp-content\/uploads\/IBIS-Service-Geotab-Mobility-Connect-2024-Menschen-003.webp\" class=\"attachment-medium size-medium\" alt=\"\" srcset=\"https:\/\/www.ibis-service.de\/wp-content\/uploads\/IBIS-Service-Geotab-Mobility-Connect-2024-Menschen-003.webp 663w, https:\/\/www.ibis-service.de\/wp-content\/uploads\/IBIS-Service-Geotab-Mobility-Connect-2024-Menschen-003-18x12.webp 18w\" sizes=\"auto, (max-width: 663px) 100vw, 663px\" title=\"\"><\/figure><\/li><li class=\"item\" data-src=\"https:\/\/www.ibis-service.de\/wp-content\/uploads\/IBIS-Service-Geotab-Mobility-Connect-2024-Menschen-004.webp\" data-sub-html=\"\"><figure><img loading=\"lazy\" decoding=\"async\" width=\"663\" height=\"442\" src=\"https:\/\/www.ibis-service.de\/wp-content\/uploads\/IBIS-Service-Geotab-Mobility-Connect-2024-Menschen-004.webp\" class=\"attachment-medium size-medium\" alt=\"\" srcset=\"https:\/\/www.ibis-service.de\/wp-content\/uploads\/IBIS-Service-Geotab-Mobility-Connect-2024-Menschen-004.webp 663w, https:\/\/www.ibis-service.de\/wp-content\/uploads\/IBIS-Service-Geotab-Mobility-Connect-2024-Menschen-004-18x12.webp 18w\" sizes=\"auto, (max-width: 663px) 100vw, 663px\" title=\"\"><\/figure><\/li><li class=\"item\" data-src=\"https:\/\/www.ibis-service.de\/wp-content\/uploads\/IBIS-Service-Geotab-Mobility-Connect-2024-Menschen-005.webp\" data-sub-html=\"\"><figure><img loading=\"lazy\" decoding=\"async\" width=\"663\" height=\"442\" src=\"https:\/\/www.ibis-service.de\/wp-content\/uploads\/IBIS-Service-Geotab-Mobility-Connect-2024-Menschen-005.webp\" class=\"attachment-medium size-medium\" alt=\"\" srcset=\"https:\/\/www.ibis-service.de\/wp-content\/uploads\/IBIS-Service-Geotab-Mobility-Connect-2024-Menschen-005.webp 663w, https:\/\/www.ibis-service.de\/wp-content\/uploads\/IBIS-Service-Geotab-Mobility-Connect-2024-Menschen-005-18x12.webp 18w\" sizes=\"auto, (max-width: 663px) 100vw, 663px\" title=\"\"><\/figure><\/li><\/ul><\/figure>","protected":false},"excerpt":{"rendered":"<p>Unser Partner Geotab pr\u00e4sentiert neue Nachhaltigkeitsl\u00f6sungen f\u00fcr Flotten: Mehr Effizienz, weniger Emissionen Geotab, ein f\u00fchrender Anbieter vernetzter Transportl\u00f6sungen, hat auf der Mobility Connect in Mailand eine neue Suite datengest\u00fctzter Nachhaltigkeitsl\u00f6sungen vorgestellt. Damit unterst\u00fctzt das Unternehmen Flottenmanager dabei, die Herausforderungen der Dekarbonisierung zu meistern und gleichzeitig die Betriebskosten zu senken. Der Transportsektor ist ein bedeutender Verursacher [&hellip;]<\/p>\n","protected":false},"author":1,"featured_media":2033,"comment_status":"open","ping_status":"open","sticky":false,"template":"","format":"standard","meta":{"footnotes":""},"categories":[15],"tags":[27,24,22],"class_list":["post-1945","post","type-post","status-publish","format-standard","has-post-thumbnail","hentry","category-news","tag-flottenmanagement","tag-geotab","tag-nachhaltigkeit"],"_links":{"self":[{"href":"https:\/\/www.ibis-service.de\/en\/wp-json\/wp\/v2\/posts\/1945","targetHints":{"allow":["GET"]}}],"collection":[{"href":"https:\/\/www.ibis-service.de\/en\/wp-json\/wp\/v2\/posts"}],"about":[{"href":"https:\/\/www.ibis-service.de\/en\/wp-json\/wp\/v2\/types\/post"}],"author":[{"embeddable":true,"href":"https:\/\/www.ibis-service.de\/en\/wp-json\/wp\/v2\/users\/1"}],"replies":[{"embeddable":true,"href":"https:\/\/www.ibis-service.de\/en\/wp-json\/wp\/v2\/comments?post=1945"}],"version-history":[{"count":5,"href":"https:\/\/www.ibis-service.de\/en\/wp-json\/wp\/v2\/posts\/1945\/revisions"}],"predecessor-version":[{"id":2125,"href":"https:\/\/www.ibis-service.de\/en\/wp-json\/wp\/v2\/posts\/1945\/revisions\/2125"}],"wp:featuredmedia":[{"embeddable":true,"href":"https:\/\/www.ibis-service.de\/en\/wp-json\/wp\/v2\/media\/2033"}],"wp:attachment":[{"href":"https:\/\/www.ibis-service.de\/en\/wp-json\/wp\/v2\/media?parent=1945"}],"wp:term":[{"taxonomy":"category","embeddable":true,"href":"https:\/\/www.ibis-service.de\/en\/wp-json\/wp\/v2\/categories?post=1945"},{"taxonomy":"post_tag","embeddable":true,"href":"https:\/\/www.ibis-service.de\/en\/wp-json\/wp\/v2\/tags?post=1945"}],"curies":[{"name":"wp","href":"https:\/\/api.w.org\/{rel}","templated":true}]}}